{"id":2964,"date":"2013-09-16T16:48:58","date_gmt":"2013-09-16T14:48:58","guid":{"rendered":"http:\/\/mundoirc.net\/wordbruixo\/?p=2964"},"modified":"2013-09-17T16:13:10","modified_gmt":"2013-09-17T14:13:10","slug":"galicia-sigue-de-luto","status":"publish","type":"post","link":"https:\/\/mundoirc.net\/wordbruixo\/archives\/2964","title":{"rendered":"Galicia sigue de luto"},"content":{"rendered":"<p><span style=\"font-family: 'comic sans ms', sans-serif; font-size: medium;\">En este a\u00f1o 2013, Galicia est\u00e1 de luto.\u00a0<\/span><\/p>\n<p><span style=\"font-family: 'comic sans ms', sans-serif; font-size: medium;\">Los que me conoc\u00e9is sab\u00e9is que no soy una persona pesimista ni mucho menos, pero este a\u00f1o nos ha tocado vivir momentos muy amargos y duros.\u00a0<!--more--><\/span><\/p>\n<p><span style=\"font-family: 'comic sans ms', sans-serif; font-size: medium;\">Un accidente de tren que sacudi\u00f3 Galicia la v\u00edspera del d\u00eda grande de Galicia. Un tr\u00e1gico accidente de tren que seg\u00f3 la vida de casi un centenar de personas que volvi\u00f3 a sacar a relucir la grandeza de esp\u00edritu de todo el pueblo espa\u00f1ol, pero concretamente de todo el pueblo gallego. De los vecinos de la zona y de la gente que hab\u00eda ido a Santiago con la idea de disfrutar de las fiestas del patr\u00f3n, del Santiago Apostol, en ese momento cambiaron sus quehaceres por asistir en masa a los puntos de donaci\u00f3n de sangre y que trat\u00f3 de ayudar en la medida de lo posible a todos los accidentados. Los vecinos de Angrois se echaron a las v\u00edas para tratar de salvar el mayor n\u00famero de vidas posibles, a la espera de que los servicios de emergencia llegaran a la zona. Ellos eran los m\u00e1s cercanos a las v\u00edas, y tambi\u00e9n los menos preparados, pero suplieron todo eso con su tes\u00f3n, fuerza, sin pensar para nada los efectos que esto podr\u00eda tener en sus vidas, todo lo que han vivido en ese momento, todas esas im\u00e1genes que no consiguen sacar de su cabeza. Gracias a ellos, muchas personas han podido salvar sus vidas.\u00a0<\/span><\/p>\n<p><span style=\"font-family: 'comic sans ms', sans-serif; font-size: medium;\">Y cuando parece que Galicia y los gallegos empiezan a recuperarse una cat\u00e1strofe medioambiental arrasa con 2400 hectareas y pone en jaque a miles de vecinos en A Costa da Morte. La riqueza de los gallegos y sus tierras y montes yacen hoy calcinadas bajo nuestros pies. A Costa da Morte ha perdido parte de su luz, sigue siendo una de las zonas m\u00e1s privilegiadas de nuestra tierra, algo por lo que luchar a diario, y que poco a poco &#8230;. conseguiremos recuperar nuestra tierra. Alg\u00fan d\u00eda volver\u00e1n a brillar en todo su esplendor y espero que este sea el \u00faltimo incendio \u00abPROVOCADO\u00bb que arrasa con lo mejor de Galicia.\u00a0<\/span><\/p>\n<p><span style=\"font-family: 'comic sans ms', sans-serif; font-size: medium;\">De todas formas los montes son recuperables, pero las vidas perdidas no.\u00a0<\/span><\/p>\n<p><span style=\"font-family: 'comic sans ms', sans-serif; font-size: medium;\">Y&#8230; me niego a hablar del Gobierno porque en todas las cat\u00e1strofes ha estado desaparecido. Creo que estas dos cat\u00e1strofes se han podido evitar.\u00a0<\/span><\/p>\n<p><span style=\"font-family: 'comic sans ms', sans-serif; font-size: medium;\">Y cuando Galicia est\u00e1 de luto, suena esta canci\u00f3n<\/span>.<\/p>\n<p>http:\/\/youtu.be\/Jach0FExSUo<\/p>\n<p>&nbsp;<\/p>\n<p><span style=\"font-family: 'comic sans ms', sans-serif; font-size: medium;\">Os invito a que veais este video realizado con las im\u00e1genes de la \u00faltima tragedia que arras\u00f3 Galicia, como banda sonora suena Agardarei<\/span><\/p>\n<div class=\"embed-container\"><iframe loading=\"lazy\" width=\"750\" height=\"563\" src=\"https:\/\/www.youtube.com\/embed\/OGT64HPT29A?feature=oembed\" frameborder=\"0\" allow=\"autoplay; encrypted-media\" allowfullscreen><\/iframe><\/div>\n","protected":false},"excerpt":{"rendered":"<p>En este a\u00f1o 2013, Galicia est\u00e1 de luto.\u00a0 Los que me conoc\u00e9is sab\u00e9is que no soy una persona pesimista ni mucho menos, pero este a\u00f1o nos ha tocado vivir momentos muy amargos y duros.\u00a0<\/p><p><a class=\"more-link btn\" href=\"https:\/\/mundoirc.net\/wordbruixo\/archives\/2964\">Seguir leyendo<\/a><\/p>\n","protected":false},"author":4,"featured_media":0,"comment_status":"open","ping_status":"open","sticky":false,"template":"","format":"standard","meta":[],"categories":[22,3],"tags":[],"_links":{"self":[{"href":"https:\/\/mundoirc.net\/wordbruixo\/wp-json\/wp\/v2\/posts\/2964"}],"collection":[{"href":"https:\/\/mundoirc.net\/wordbruixo\/wp-json\/wp\/v2\/posts"}],"about":[{"href":"https:\/\/mundoirc.net\/wordbruixo\/wp-json\/wp\/v2\/types\/post"}],"author":[{"embeddable":true,"href":"https:\/\/mundoirc.net\/wordbruixo\/wp-json\/wp\/v2\/users\/4"}],"replies":[{"embeddable":true,"href":"https:\/\/mundoirc.net\/wordbruixo\/wp-json\/wp\/v2\/comments?post=2964"}],"version-history":[{"count":0,"href":"https:\/\/mundoirc.net\/wordbruixo\/wp-json\/wp\/v2\/posts\/2964\/revisions"}],"wp:attachment":[{"href":"https:\/\/mundoirc.net\/wordbruixo\/wp-json\/wp\/v2\/media?parent=2964"}],"wp:term":[{"taxonomy":"category","embeddable":true,"href":"https:\/\/mundoirc.net\/wordbruixo\/wp-json\/wp\/v2\/categories?post=2964"},{"taxonomy":"post_tag","embeddable":true,"href":"https:\/\/mundoirc.net\/wordbruixo\/wp-json\/wp\/v2\/tags?post=2964"}],"curies":[{"name":"wp","href":"https:\/\/api.w.org\/{rel}","templated":true}]}}