{"id":2956,"date":"2013-09-12T04:16:08","date_gmt":"2013-09-12T02:16:08","guid":{"rendered":"http:\/\/mundoirc.net\/wordbruixo\/?p=2956"},"modified":"2013-09-12T04:17:33","modified_gmt":"2013-09-12T02:17:33","slug":"cumple-de-mar-y-rut","status":"publish","type":"post","link":"https:\/\/mundoirc.net\/wordbruixo\/archives\/2956","title":{"rendered":"Cumple de Mar y Rut"},"content":{"rendered":"<p><span style=\"font-family: 'comic sans ms', sans-serif; font-size: medium;\">Lo prometido es deuda, y creo que va siendo hora, despu\u00e9s de haber descansado en el verano, de habernos tomado vacaciones en el mes de agosto, ha llegado la hora de subir el cumple de Mar y Rut para que\u00a0pod\u00e1is\u00a0disfrutarlo tod@s.\u00a0<\/span><\/p>\n<p><span style=\"font-family: 'comic sans ms', sans-serif; font-size: medium;\">Deciros que fue una noche muy bonita, con alguna que otra sorpresa y un monogr\u00e1fico de Rock que se qued\u00f3 para otro d\u00eda, jaja, seguro que tu, Mar, me entiendes.\u00a0<\/span><\/p>\n<p><span style=\"font-family: 'comic sans ms', sans-serif; font-size: medium;\">Bueno&#8230; sin m\u00e1s dilaci\u00f3n os dejo el enlace de descarga del cumple.<\/span><\/p>\n<p>&nbsp;<\/p>\n<p><center><a href=\"https:\/\/mega.co.nz\/#!lxo0kD4L!fxqLLw6LiUj_7mDcEglx0XegeNRFxf3zqU9kax-TA-M\" target=\"\u201d_blank\u201d\"><img alt=\"\" src=\"http:\/\/files.todo-sobre-avatar.webnode.es\/200000018-ab373ac320\/descargar_aqui.png\" border=\"0\" \/><\/a><\/center>&nbsp;<\/p>\n<p><span style=\"font-family: 'comic sans ms', sans-serif; font-size: medium;\">Bicos para tod@s en especial para Mar y Rut. Muchas felicidades!!!!<\/span><\/p>\n<p><span style=\"font-family: 'comic sans ms', sans-serif; font-size: medium;\">PD: Ya me van quedando menos cosas pendientes, jajajajaj&#8230;.<\/span><\/p>\n","protected":false},"excerpt":{"rendered":"<p>Lo prometido es deuda, y creo que va siendo hora, despu\u00e9s de haber descansado en el verano, de habernos tomado vacaciones en el mes de agosto, ha llegado la hora de subir el cumple de Mar y Rut para que\u00a0pod\u00e1is\u00a0disfrutarlo tod@s.\u00a0 Deciros que fue una noche muy bonita, con alguna que otra sorpresa y un &hellip; <\/p>\n<p><a class=\"more-link btn\" href=\"https:\/\/mundoirc.net\/wordbruixo\/archives\/2956\">Seguir leyendo<\/a><\/p>\n","protected":false},"author":4,"featured_media":0,"comment_status":"open","ping_status":"open","sticky":false,"template":"","format":"standard","meta":[],"categories":[5,22],"tags":[],"_links":{"self":[{"href":"https:\/\/mundoirc.net\/wordbruixo\/wp-json\/wp\/v2\/posts\/2956"}],"collection":[{"href":"https:\/\/mundoirc.net\/wordbruixo\/wp-json\/wp\/v2\/posts"}],"about":[{"href":"https:\/\/mundoirc.net\/wordbruixo\/wp-json\/wp\/v2\/types\/post"}],"author":[{"embeddable":true,"href":"https:\/\/mundoirc.net\/wordbruixo\/wp-json\/wp\/v2\/users\/4"}],"replies":[{"embeddable":true,"href":"https:\/\/mundoirc.net\/wordbruixo\/wp-json\/wp\/v2\/comments?post=2956"}],"version-history":[{"count":0,"href":"https:\/\/mundoirc.net\/wordbruixo\/wp-json\/wp\/v2\/posts\/2956\/revisions"}],"wp:attachment":[{"href":"https:\/\/mundoirc.net\/wordbruixo\/wp-json\/wp\/v2\/media?parent=2956"}],"wp:term":[{"taxonomy":"category","embeddable":true,"href":"https:\/\/mundoirc.net\/wordbruixo\/wp-json\/wp\/v2\/categories?post=2956"},{"taxonomy":"post_tag","embeddable":true,"href":"https:\/\/mundoirc.net\/wordbruixo\/wp-json\/wp\/v2\/tags?post=2956"}],"curies":[{"name":"wp","href":"https:\/\/api.w.org\/{rel}","templated":true}]}}