{"id":2926,"date":"2013-08-25T19:27:51","date_gmt":"2013-08-25T17:27:51","guid":{"rendered":"http:\/\/mundoirc.net\/wordbruixo\/?p=2926"},"modified":"2013-09-06T03:11:57","modified_gmt":"2013-09-06T01:11:57","slug":"mi-querido-carlos-cano","status":"publish","type":"post","link":"https:\/\/mundoirc.net\/wordbruixo\/archives\/2926","title":{"rendered":"Mi querido Carlos Cano"},"content":{"rendered":"<p><span style=\"font-family: 'comic sans ms', sans-serif; font-size: small;\">Queridos duendes y meigas&#8230;..esta tarde quiero hablaros de un cantautor&#8230;que falleci\u00f3 hace ya varios a\u00f1os&#8230;.si no pierdo la cuenta&#8230;en diciembre har\u00e1 13 a\u00f1os que se fu\u00e9&#8230;.pero que siempre sigue presente en mis cds porque me encanta su m\u00fasica..sus canciones..y porque era un ser entra\u00f1able&#8230;.Carlos Cano&#8230;.no voy a escribiros su biograf\u00eda porque es m\u00e1s f\u00e1cil que vosotr@s lo le\u00e1is en el google pero&#8230;.quiero deciros que me encanta su voz&#8230;..sus canciones en cualquiera de sus formas&#8230;<!--more--><\/span><\/p>\n<p><span style=\"font-family: 'comic sans ms', sans-serif; font-size: small;\">Recuerdo que el mismo a\u00f1o que falleci\u00f3&#8230;&#8230;unos tres meses antes&#8230;tuve la suerte de poder oirle en directo&#8230;en un concierto&#8230;..y que me qued\u00e9 fascinada&#8230;porque aunque le hab\u00eda o\u00eddo en mis cds no era lo mismo&#8230;su manera de expresarse&#8230;su forma de distinguir cantando la v de la b&#8230;..su \u00bb andaluz tan peculiar\u00bb en fin&#8230;.todo me gusta de \u00e9l&#8230;..intento recordarle de vez en cuando escuchando sus canciones y hoy quiero dejaros un par de temas de \u00e9l&#8230;&#8230;el primero se lo dedic\u00f3 a las madres de la plaza de mayo de Argentina y el segundo es sencillamente una preciosa canci\u00f3n de amor&#8230;que las disfr\u00fateis&#8230;muackssssssss:<\/span><\/p>\n<div class=\"embed-container\"><iframe loading=\"lazy\" width=\"750\" height=\"422\" src=\"https:\/\/www.youtube.com\/embed\/zFDbIjV1o0k?feature=oembed\" frameborder=\"0\" allow=\"autoplay; encrypted-media\" allowfullscreen><\/iframe><\/div>\n<p>&nbsp;<\/p>\n<div class=\"embed-container\"><iframe loading=\"lazy\" width=\"750\" height=\"563\" src=\"https:\/\/www.youtube.com\/embed\/YQVI694KfHc?feature=oembed\" frameborder=\"0\" allow=\"autoplay; encrypted-media\" allowfullscreen><\/iframe><\/div>\n","protected":false},"excerpt":{"rendered":"<p>Queridos duendes y meigas&#8230;..esta tarde quiero hablaros de un cantautor&#8230;que falleci\u00f3 hace ya varios a\u00f1os&#8230;.si no pierdo la cuenta&#8230;en diciembre har\u00e1 13 a\u00f1os que se fu\u00e9&#8230;.pero que siempre sigue presente en mis cds porque me encanta su m\u00fasica..sus canciones..y porque era un ser entra\u00f1able&#8230;.Carlos Cano&#8230;.no voy a escribiros su biograf\u00eda porque es m\u00e1s f\u00e1cil que &hellip; <\/p>\n<p><a class=\"more-link btn\" href=\"https:\/\/mundoirc.net\/wordbruixo\/archives\/2926\">Seguir leyendo<\/a><\/p>\n","protected":false},"author":41,"featured_media":0,"comment_status":"open","ping_status":"open","sticky":false,"template":"","format":"standard","meta":[],"categories":[22,3],"tags":[],"_links":{"self":[{"href":"https:\/\/mundoirc.net\/wordbruixo\/wp-json\/wp\/v2\/posts\/2926"}],"collection":[{"href":"https:\/\/mundoirc.net\/wordbruixo\/wp-json\/wp\/v2\/posts"}],"about":[{"href":"https:\/\/mundoirc.net\/wordbruixo\/wp-json\/wp\/v2\/types\/post"}],"author":[{"embeddable":true,"href":"https:\/\/mundoirc.net\/wordbruixo\/wp-json\/wp\/v2\/users\/41"}],"replies":[{"embeddable":true,"href":"https:\/\/mundoirc.net\/wordbruixo\/wp-json\/wp\/v2\/comments?post=2926"}],"version-history":[{"count":0,"href":"https:\/\/mundoirc.net\/wordbruixo\/wp-json\/wp\/v2\/posts\/2926\/revisions"}],"wp:attachment":[{"href":"https:\/\/mundoirc.net\/wordbruixo\/wp-json\/wp\/v2\/media?parent=2926"}],"wp:term":[{"taxonomy":"category","embeddable":true,"href":"https:\/\/mundoirc.net\/wordbruixo\/wp-json\/wp\/v2\/categories?post=2926"},{"taxonomy":"post_tag","embeddable":true,"href":"https:\/\/mundoirc.net\/wordbruixo\/wp-json\/wp\/v2\/tags?post=2926"}],"curies":[{"name":"wp","href":"https:\/\/api.w.org\/{rel}","templated":true}]}}