{"id":261,"date":"2011-09-30T12:14:23","date_gmt":"2011-09-30T10:14:23","guid":{"rendered":"http:\/\/mundoirc.net\/wordbruixo\/?p=261"},"modified":"2011-10-04T21:37:03","modified_gmt":"2011-10-04T19:37:03","slug":"mas-se-mofa-de-los-acentos-andaluz-y-gallego-para-defender-la-inmersion-la-voz-de-barcelona","status":"publish","type":"post","link":"https:\/\/mundoirc.net\/wordbruixo\/archives\/261","title":{"rendered":"Mas se mofa de los acentos andaluz y gallego para defender la inmersi\u00f3n | La Voz de Barcelona"},"content":{"rendered":"<p><a href=\"http:\/\/www.vozbcn.com\/2011\/09\/29\/87230\/rivera-incoherencias-linguisticas-mas\/#.ToWGbhNlevI.wordpress\" target=\"_blank\">Mas se mofa de los acentos andaluz y gallego para defender la inmersi\u00f3n | La Voz de Barcelona<\/a>.<\/p>\n<p>Y ahora como no &#8230; mi reflexi\u00f3n, que puede ser o no acertada, pero es la m\u00eda. Acepto r\u00e9plicas.<\/p>\n<p><em>Suelo escribir en gallego, porque soy gallega, pero hoy este \u00abse\u00f1or\u00bb se merece que lo haga en castellano, para demostrarle a \u00e9l y a muchos como \u00e9l, que los gallegos, sabemos hablar\/escribir en castellano. Cada persona tiene su acento, dictado por sus circunstancias y por donde vive, este acento puede ser m\u00e1s cerrado o m\u00e1s abierto, pero es suyo. Y si queremos entendernos lo haremos.<\/em><\/p>\n<p><em>Ahora s\u00ed, no me diga que en Burgos, Soria, Valladolid o Salamanca, por citar las mismas ciudades que usted ha citado &#8230; hablan mejor castellano que en cualquier otra ciudad espa\u00f1ola, puesto que he estado en varias ciudades de las que nombra y &#8230;. vaya &#8230; cuanto menos &#8230; tienen un castellano peculiar, porque el la\u00edsmo, le\u00edsmo y en menor medida lo\u00edsmo es algo habitual en su forma de hablar, ya que \u00e9ste &#8230; por si lo desconoce&#8230; es un error com\u00fan en la zona centro de la pen\u00ednsula.<br \/>\n<\/em><\/p>\n<p><em>Soy gallego-hablante en mi entorno familiar, soy castellano-hablante en mi entorno laboral y de ocio, puesto que mis amigos son catalanes, andaluces, asturianos, madrile\u00f1os&#8230;. y puedo seguir&#8230; y aunque al principio puede costar trabajo entenderse, porque &#8230; cada uno tiene su acento, cada uno tiene sus giros ling\u00fc\u00edsticos, le puedo asegurar que nos entendemos perfectamente. Cualquier ciudadano espa\u00f1ol, est\u00e1 perfectamente preparado para entender y hablar el castellano, puesto que el acento se pierde con el uso. Yo recuerdo que con 18 a\u00f1os mi acento era gallego, un acento bastante cerrado, ahora con 30 mi acento es m\u00e1s abierto, cuanto menos eso. Y ese acento, esa forma de hablar se va suavizando con el uso del castellano y del gallego indistintamente.<\/em><\/p>\n<p><em>Deje de faltar al respeto a los gallegos, a los andaluces y m\u00e1s importante, deje de faltar al respeto a sus compatriotas, a los catalanes, porque a los que realmente est\u00e1 menospreciando es a sus propios compatriotas.<\/em><\/p>\n<p>Os dejo tambi\u00e9n un par de enlaces a otras noticias\/blogs que pueden ser interesantes para comprender el uso de la\u00edsmo, le\u00edsmo y lo\u00edsmo.<\/p>\n<p><a href=\"http:\/\/defensordelcastellano.blogspot.com\/2007\/02\/lasmo-lesmo-y-losmo.html\">Defensor del Castellano<\/a><\/p>\n<p><a href=\"http:\/\/cvc.cervantes.es\/alhabla\/museo_horrores\/museo_033.htm\">Museo de los horrores &#8211; Centro Cervantes<\/a><\/p>\n<p>Como errores t\u00edpicos de los gallegos, podr\u00eda citar el uso de per\u00edfrases verbales o tiempos verbales, y por mucho que busque no encuentro ahora alg\u00fan enlace que haga referencia a esto.<\/p>\n<p><code><br \/>\n<\/code><\/p>\n","protected":false},"excerpt":{"rendered":"<p>Mas se mofa de los acentos andaluz y gallego para defender la inmersi\u00f3n | La Voz de Barcelona. Y ahora como no &#8230; mi reflexi\u00f3n, que puede ser o no acertada, pero es la m\u00eda. Acepto r\u00e9plicas. Suelo escribir en gallego, porque soy gallega, pero hoy este \u00abse\u00f1or\u00bb se merece que lo haga en castellano, &hellip; <\/p>\n<p><a class=\"more-link btn\" href=\"https:\/\/mundoirc.net\/wordbruixo\/archives\/261\">Seguir leyendo<\/a><\/p>\n","protected":false},"author":4,"featured_media":0,"comment_status":"open","ping_status":"open","sticky":false,"template":"","format":"standard","meta":[],"categories":[5],"tags":[],"_links":{"self":[{"href":"https:\/\/mundoirc.net\/wordbruixo\/wp-json\/wp\/v2\/posts\/261"}],"collection":[{"href":"https:\/\/mundoirc.net\/wordbruixo\/wp-json\/wp\/v2\/posts"}],"about":[{"href":"https:\/\/mundoirc.net\/wordbruixo\/wp-json\/wp\/v2\/types\/post"}],"author":[{"embeddable":true,"href":"https:\/\/mundoirc.net\/wordbruixo\/wp-json\/wp\/v2\/users\/4"}],"replies":[{"embeddable":true,"href":"https:\/\/mundoirc.net\/wordbruixo\/wp-json\/wp\/v2\/comments?post=261"}],"version-history":[{"count":0,"href":"https:\/\/mundoirc.net\/wordbruixo\/wp-json\/wp\/v2\/posts\/261\/revisions"}],"wp:attachment":[{"href":"https:\/\/mundoirc.net\/wordbruixo\/wp-json\/wp\/v2\/media?parent=261"}],"wp:term":[{"taxonomy":"category","embeddable":true,"href":"https:\/\/mundoirc.net\/wordbruixo\/wp-json\/wp\/v2\/categories?post=261"},{"taxonomy":"post_tag","embeddable":true,"href":"https:\/\/mundoirc.net\/wordbruixo\/wp-json\/wp\/v2\/tags?post=261"}],"curies":[{"name":"wp","href":"https:\/\/api.w.org\/{rel}","templated":true}]}}