{"id":255,"date":"2011-09-29T20:58:27","date_gmt":"2011-09-29T18:58:27","guid":{"rendered":"http:\/\/mundoirc.net\/wordbruixo\/?p=255"},"modified":"2011-09-29T20:58:27","modified_gmt":"2011-09-29T18:58:27","slug":"ismael-serrano-papa-cuentame-otra-vez","status":"publish","type":"post","link":"https:\/\/mundoirc.net\/wordbruixo\/archives\/255","title":{"rendered":"Ismael Serrano &#8211; Pap\u00e1 cu\u00e9ntame otra vez"},"content":{"rendered":"<p>Hoy os dejo un tema que a mi me encanta, con el que descubr\u00ed a Ismael Serrano, y qued\u00e9 prendada de su m\u00fasica, de sus letras y de su forma de ver la vida.<\/p>\n<div class=\"embed-container\"><iframe loading=\"lazy\" width=\"750\" height=\"563\" src=\"https:\/\/www.youtube.com\/embed\/gpOkURgetCU?feature=oembed\" frameborder=\"0\" allow=\"autoplay; encrypted-media\" allowfullscreen><\/iframe><\/div>\n<p>Ismael Serrano <!--more-->nace en Madrid el 9 de marzo de 1974. Crece en Vallekas (Madrid). Estudia cuatro a\u00f1os Ciencias F\u00edsica en la Universidad Complutense de Madrid, as\u00ed como solfeo y piano. Tiene editados varios discos: Atrapados en azul, La memoria de los peces,Los para\u00edsos desiertos, La traici\u00f3n de Wendy, Principio de incertidumbre, Naves ardiendo m\u00e1s all\u00e1 de ori\u00f3n, Sue\u00f1os de un hombre despierto y Acu\u00e9rdate de vivir. Particip\u00f3 como coguionista y actor en la pel\u00edcula \u00abEl hombre que corr\u00eda tras el viento\u00bb.<\/p>\n<p>La figura del cantautor siempre se ha definido por su conciencia social y la canci\u00f3n protesta, como fue en su momento con la generaci\u00f3n de cantautores espa\u00f1oles en los \u00faltimos a\u00f1os de la dictadura franquista. Ismael Serrano se incluye en esta figura de persona concienciada que canta a los problemas del mundo e intenta buscarles soluci\u00f3n, y anima a sus oyentes a buscar ese <em>otro mundo posible<\/em>. Con su primer disco, con <em>Pap\u00e1 cu\u00e9ntame otra vez<\/em> intenta dar un toque de atenci\u00f3n a esas mentes j\u00f3venes que han perdido el esp\u00edritu combativo de generaciones pasadas.<\/p>\n","protected":false},"excerpt":{"rendered":"<p>Hoy os dejo un tema que a mi me encanta, con el que descubr\u00ed a Ismael Serrano, y qued\u00e9 prendada de su m\u00fasica, de sus letras y de su forma de ver la vida. Ismael Serrano<\/p><p><a class=\"more-link btn\" href=\"https:\/\/mundoirc.net\/wordbruixo\/archives\/255\">Seguir leyendo<\/a><\/p>\n","protected":false},"author":4,"featured_media":0,"comment_status":"open","ping_status":"open","sticky":false,"template":"","format":"standard","meta":[],"categories":[3],"tags":[],"_links":{"self":[{"href":"https:\/\/mundoirc.net\/wordbruixo\/wp-json\/wp\/v2\/posts\/255"}],"collection":[{"href":"https:\/\/mundoirc.net\/wordbruixo\/wp-json\/wp\/v2\/posts"}],"about":[{"href":"https:\/\/mundoirc.net\/wordbruixo\/wp-json\/wp\/v2\/types\/post"}],"author":[{"embeddable":true,"href":"https:\/\/mundoirc.net\/wordbruixo\/wp-json\/wp\/v2\/users\/4"}],"replies":[{"embeddable":true,"href":"https:\/\/mundoirc.net\/wordbruixo\/wp-json\/wp\/v2\/comments?post=255"}],"version-history":[{"count":0,"href":"https:\/\/mundoirc.net\/wordbruixo\/wp-json\/wp\/v2\/posts\/255\/revisions"}],"wp:attachment":[{"href":"https:\/\/mundoirc.net\/wordbruixo\/wp-json\/wp\/v2\/media?parent=255"}],"wp:term":[{"taxonomy":"category","embeddable":true,"href":"https:\/\/mundoirc.net\/wordbruixo\/wp-json\/wp\/v2\/categories?post=255"},{"taxonomy":"post_tag","embeddable":true,"href":"https:\/\/mundoirc.net\/wordbruixo\/wp-json\/wp\/v2\/tags?post=255"}],"curies":[{"name":"wp","href":"https:\/\/api.w.org\/{rel}","templated":true}]}}