{"id":2402,"date":"2013-03-23T05:16:12","date_gmt":"2013-03-23T04:16:12","guid":{"rendered":"http:\/\/mundoirc.net\/wordbruixo\/?p=2402"},"modified":"2013-03-23T05:23:19","modified_gmt":"2013-03-23T04:23:19","slug":"bebo-valdes","status":"publish","type":"post","link":"https:\/\/mundoirc.net\/wordbruixo\/archives\/2402","title":{"rendered":"Bebo Vald\u00e9s"},"content":{"rendered":"<p><span style=\"font-family: comic sans ms,sans-serif; font-size: small;\">El 22 de marzo de 2013, a la edad de 94 a\u00f1os muere en Suecia Bebo Vald\u00e9s, uno de los mejores pianistas, arreglistas y compositor afrocubano que se ha conocido. <\/span><\/p>\n<p><span style=\"font-family: comic sans ms,sans-serif; font-size: small;\">Empieza su carrera profesional como pianista de una de las orquestas m\u00e1s populares de la \u00e9poca en Cuba, para la cual compone el mambo <strong>\u00abLa rareza del siglo\u00bb<\/strong>. En esa \u00e9poca empezaron tambi\u00e9n sus grabaciones en el estudio, principalmente de jazz afrocubano.<!--more--><\/span><\/p>\n<p><span style=\"font-family: comic sans ms,sans-serif; font-size: small;\">A comienzos de los sesenta sale de Cuba y viaja a M\u00e9xico,donde es director musical del bolerista chileno <strong>Lucho Gatica<\/strong>. Tras una gira por Europa con los <strong>Havana Cuban Boys<\/strong> enfrentado con el r\u00e9gime castristas decide exiliarse en Estocolmo, donde ech\u00f3 ra\u00edces, cre\u00f3 su propia familia y permaneci\u00f3n durante much\u00edsimos a\u00f1os en el m\u00e1s profundo anonimato.<\/span><\/p>\n<p><span style=\"font-family: comic sans ms,sans-serif; font-size: small;\">A finales de 1994 recibe una llamada de <strong>Paquito D&#8217;Rivera<\/strong>, invit\u00e1ndole a grabar un nuevo disco en Alemania, tres d\u00edas m\u00e1s tarde D&#8217;Rivera produce <strong>\u00abBebo Rides Again\u00bb<\/strong>, que es una colecci\u00f3n de cl\u00e1sicos cubanos y originales de Vald\u00e9s, compuestos para la ocasi\u00f3n. Suena mejor que nunca. Y Vald\u00e9s empieza una nueva carrera a los setenta y seis a\u00f1os.<\/span><\/p>\n<p><span style=\"font-family: comic sans ms,sans-serif; font-size: small;\">En el a\u00f1o 2000 participa en la pel\u00edcula dirigida por Fernando Trueba, <strong>\u00abCalle 54\u00bb<\/strong>, junto con un doble CD de la banda sonora de la misma. Es todo un \u00e9xito, se trata de unos encuentros hist\u00f3ricos entre los m\u00e1s grandes del Jazz Latino.<\/span><\/p>\n<p align=\"justify\"><span style=\"font-family: Verdana; font-size: small;\"><span style=\"font-family: comic sans ms,sans-serif;\">A los 85 a\u00f1os, Bebo Vald\u00e9s es reconocido como una de las grandes figuras vivas de la m\u00fasica internacional. Su disco <strong>\u00abL\u00e1grimas Negras\u00bb<\/strong> junto al cantaor flamenco <strong>Diego el Cigala<\/strong>, ha situado de nuevo al pianista cubano en plena actualidad. \u00abL\u00e1grimas Negras\u00bb es un \u00e9xito mundial, y se publica en todo el mundo, ganando un Grammy Latino.<\/span><br \/>\n<\/span><\/p>\n<p align=\"justify\"><span style=\"font-family: comic sans ms,sans-serif; font-size: small;\">Os invito a que escucheis esta fant\u00e1stica versi\u00f3n de Lagrimas Negras de <strong>Bebo Vald\u00e9s<\/strong> acompa\u00f1ado por <strong>Javier Colina<\/strong><\/span><\/p>\n<div class=\"embed-container\"><iframe loading=\"lazy\" width=\"750\" height=\"422\" src=\"https:\/\/www.youtube.com\/embed\/nMok_W1S5z0?feature=oembed\" frameborder=\"0\" allow=\"autoplay; encrypted-media\" allowfullscreen><\/iframe><\/div>\n<p align=\"justify\"><span style=\"font-family: comic sans ms,sans-serif; font-size: small;\">Ahora os pido que escuch\u00e9is la versi\u00f3n de L\u00e1grimas Negras de <strong>Bebo Vald\u00e9s<\/strong> y el cantaor flamenco<strong> Diego el Cigala<\/strong>, es un directo.<\/span><\/p>\n<div class=\"embed-container\"><iframe loading=\"lazy\" width=\"750\" height=\"422\" src=\"https:\/\/www.youtube.com\/embed\/M8vng61fGEE?feature=oembed\" frameborder=\"0\" allow=\"autoplay; encrypted-media\" allowfullscreen><\/iframe><\/div>\n<p align=\"justify\"><span style=\"font-family: comic sans ms,sans-serif; font-size: small;\">No sabr\u00eda deciros que versi\u00f3n me gusta m\u00e1s, puesto que son totalmente diferentes, la primera es una versi\u00f3n instrumental, preciosa sin lugar a dudas. Y la segunda versi\u00f3n est\u00e1 interpretada por Bebo Vald\u00e9s y Diego el Cigala, es flamenco y pese a que a mi no me gusta el flamenco he de reconocer que esta versi\u00f3n es preciosa. <\/span><\/p>\n<p align=\"justify\"><span style=\"font-family: comic sans ms,sans-serif; font-size: small;\">Deciros que pod\u00e9is encontrar por ah\u00ed muchas y muy variadas versiones de este tema, pero no puedo irme sin deciros que este tema no es de Bebo Vald\u00e9s sino que fue compuesto por Miguel Matamoros e interpretado en su momento por el trio Matamoros. Aunque &#8230; yo me quedo sin lugar a dudas con cualquiera de las dos versiones anteriores, bajo mi punto de visto mil veces mejores. <\/span><span style=\"font-family: comic sans ms,sans-serif; font-size: small;\">Para que pod\u00e1is juzgar vosotros mismos &#8230;. os dejo el original<\/span><\/p>\n<div class=\"embed-container\"><iframe loading=\"lazy\" width=\"750\" height=\"563\" src=\"https:\/\/www.youtube.com\/embed\/wk6ZQKxD6nw?feature=oembed\" frameborder=\"0\" allow=\"autoplay; encrypted-media\" allowfullscreen><\/iframe><\/div>\n<p><span style=\"font-family: comic sans ms,sans-serif; font-size: medium;\">\u00bfCon cu\u00e1l os quedais?<\/span><\/p>\n","protected":false},"excerpt":{"rendered":"<p>El 22 de marzo de 2013, a la edad de 94 a\u00f1os muere en Suecia Bebo Vald\u00e9s, uno de los mejores pianistas, arreglistas y compositor afrocubano que se ha conocido. Empieza su carrera profesional como pianista de una de las orquestas m\u00e1s populares de la \u00e9poca en Cuba, para la cual compone el mambo \u00abLa &hellip; <\/p>\n<p><a class=\"more-link btn\" href=\"https:\/\/mundoirc.net\/wordbruixo\/archives\/2402\">Seguir leyendo<\/a><\/p>\n","protected":false},"author":4,"featured_media":0,"comment_status":"open","ping_status":"open","sticky":false,"template":"","format":"standard","meta":[],"categories":[5,3],"tags":[],"_links":{"self":[{"href":"https:\/\/mundoirc.net\/wordbruixo\/wp-json\/wp\/v2\/posts\/2402"}],"collection":[{"href":"https:\/\/mundoirc.net\/wordbruixo\/wp-json\/wp\/v2\/posts"}],"about":[{"href":"https:\/\/mundoirc.net\/wordbruixo\/wp-json\/wp\/v2\/types\/post"}],"author":[{"embeddable":true,"href":"https:\/\/mundoirc.net\/wordbruixo\/wp-json\/wp\/v2\/users\/4"}],"replies":[{"embeddable":true,"href":"https:\/\/mundoirc.net\/wordbruixo\/wp-json\/wp\/v2\/comments?post=2402"}],"version-history":[{"count":0,"href":"https:\/\/mundoirc.net\/wordbruixo\/wp-json\/wp\/v2\/posts\/2402\/revisions"}],"wp:attachment":[{"href":"https:\/\/mundoirc.net\/wordbruixo\/wp-json\/wp\/v2\/media?parent=2402"}],"wp:term":[{"taxonomy":"category","embeddable":true,"href":"https:\/\/mundoirc.net\/wordbruixo\/wp-json\/wp\/v2\/categories?post=2402"},{"taxonomy":"post_tag","embeddable":true,"href":"https:\/\/mundoirc.net\/wordbruixo\/wp-json\/wp\/v2\/tags?post=2402"}],"curies":[{"name":"wp","href":"https:\/\/api.w.org\/{rel}","templated":true}]}}