{"id":2183,"date":"2013-02-01T17:54:48","date_gmt":"2013-02-01T16:54:48","guid":{"rendered":"http:\/\/mundoirc.net\/wordbruixo\/?p=2183"},"modified":"2013-02-01T18:03:57","modified_gmt":"2013-02-01T17:03:57","slug":"poema-hecho-cancion","status":"publish","type":"post","link":"https:\/\/mundoirc.net\/wordbruixo\/archives\/2183","title":{"rendered":"Poema hecho canci\u00f3n"},"content":{"rendered":"<p>Bueno, duendes y meigas&#8230;hoy os voy a dejar\u00a0una canci\u00f3n que es un poema dedicado a una poetisa que se suicid\u00f3 hace ya muchos a\u00f1os..se llamaba Alfonsina Storni, pues bien, le dedicaron un poema que luego hicieron canci\u00f3n y result\u00f3 una composici\u00f3n preciosa&#8230;creo que os va a gustar a <a href=\"mailto:tod@s\">tod@s<\/a>&#8230;<!--more-->, adem\u00e1s conoc\u00e9is la canci\u00f3n pero si me dais permiso, se la quiero dedicar especialmente a mi amiga Amstelcee&#8230;nena para ti, con cari\u00f1o&#8230;y besos para <a href=\"mailto:tod@s\">tod@s<\/a><\/p>\n<p>&nbsp;<\/p>\n<div class=\"embed-container\"><iframe loading=\"lazy\" width=\"750\" height=\"563\" src=\"https:\/\/www.youtube.com\/embed\/elFfCLa6wNM?feature=oembed\" frameborder=\"0\" allow=\"autoplay; encrypted-media\" allowfullscreen><\/iframe><\/div>\n<div>Por la blanda arena que lame el mar<br \/>\nsu peque\u00f1a huella no vuelve m\u00e1s,<br \/>\nun sendero solo de pena y silencio lleg\u00f3<br \/>\nhasta el agua profunda.<br \/>\nUn sendero solo de penas mudas lleg\u00f3<br \/>\nhasta la espuma.<\/p>\n<p>Sabe Dios qu\u00e9 angustia te acompa\u00f1\u00f3<br \/>\nqu\u00e9 dolores viejos, call\u00f3 tu voz<br \/>\npara recostarte arrullada en el canto<br \/>\nde las caracolas marinas.<br \/>\nLa canci\u00f3n que canta en el fondo oscuro del mar<br \/>\nla caracola.<\/p>\n<p><i>Te vas Alfonsina con tu soledad,<br \/>\n\u00bfqu\u00e9 poemas nuevos fuiste a buscar?<br \/>\nUna voz antigua de viento y de sal<br \/>\nte requiebra el alma y la est\u00e1 llevando<br \/>\ny te vas hacia all\u00e1 como en sue\u00f1os,<br \/>\ndormida, Alfonsina, vestida de mar.<\/i><\/p>\n<p>Cinco sirenitas te llevar\u00e1n<br \/>\npor caminos de algas y de coral<br \/>\ny fosforescentes caballos marinos har\u00e1n<br \/>\nuna ronda a tu lado.<br \/>\nY los habitantes del agua van a jugar<br \/>\npronto a tu lado.<\/p>\n<p>B\u00e1jame la l\u00e1mpara un poco m\u00e1s,<br \/>\nd\u00e9jame que duerma nodriza en paz<br \/>\ny si llama \u00e9l no le digas que estoy<br \/>\ndile que Alfonsina no vuelve.<br \/>\nY si llama \u00e9l no le digas nunca que estoy,<br \/>\ndi que me he ido.<\/p><\/div>\n<p>&nbsp;<\/p>\n<p>&nbsp;<\/p>\n","protected":false},"excerpt":{"rendered":"<p>Bueno, duendes y meigas&#8230;hoy os voy a dejar\u00a0una canci\u00f3n que es un poema dedicado a una poetisa que se suicid\u00f3 hace ya muchos a\u00f1os..se llamaba Alfonsina Storni, pues bien, le dedicaron un poema que luego hicieron canci\u00f3n y result\u00f3 una composici\u00f3n preciosa&#8230;creo que os va a gustar a tod@s&#8230;<\/p><p><a class=\"more-link btn\" href=\"https:\/\/mundoirc.net\/wordbruixo\/archives\/2183\">Seguir leyendo<\/a><\/p>\n","protected":false},"author":41,"featured_media":0,"comment_status":"open","ping_status":"open","sticky":false,"template":"","format":"standard","meta":[],"categories":[22,3],"tags":[],"_links":{"self":[{"href":"https:\/\/mundoirc.net\/wordbruixo\/wp-json\/wp\/v2\/posts\/2183"}],"collection":[{"href":"https:\/\/mundoirc.net\/wordbruixo\/wp-json\/wp\/v2\/posts"}],"about":[{"href":"https:\/\/mundoirc.net\/wordbruixo\/wp-json\/wp\/v2\/types\/post"}],"author":[{"embeddable":true,"href":"https:\/\/mundoirc.net\/wordbruixo\/wp-json\/wp\/v2\/users\/41"}],"replies":[{"embeddable":true,"href":"https:\/\/mundoirc.net\/wordbruixo\/wp-json\/wp\/v2\/comments?post=2183"}],"version-history":[{"count":0,"href":"https:\/\/mundoirc.net\/wordbruixo\/wp-json\/wp\/v2\/posts\/2183\/revisions"}],"wp:attachment":[{"href":"https:\/\/mundoirc.net\/wordbruixo\/wp-json\/wp\/v2\/media?parent=2183"}],"wp:term":[{"taxonomy":"category","embeddable":true,"href":"https:\/\/mundoirc.net\/wordbruixo\/wp-json\/wp\/v2\/categories?post=2183"},{"taxonomy":"post_tag","embeddable":true,"href":"https:\/\/mundoirc.net\/wordbruixo\/wp-json\/wp\/v2\/tags?post=2183"}],"curies":[{"name":"wp","href":"https:\/\/api.w.org\/{rel}","templated":true}]}}