{"id":1837,"date":"2012-07-09T00:17:51","date_gmt":"2012-07-08T22:17:51","guid":{"rendered":"http:\/\/mundoirc.net\/wordbruixo\/?p=1837"},"modified":"2012-07-09T00:19:41","modified_gmt":"2012-07-08T22:19:41","slug":"a-las-madres-de-la-plaza-de-mayo","status":"publish","type":"post","link":"https:\/\/mundoirc.net\/wordbruixo\/archives\/1837","title":{"rendered":"A las Madres de la Plaza de Mayo"},"content":{"rendered":"<p>El pasado 6 de julio de 2012, un tribunal argentino integrado por dos hombres y una mujer ha condenado al dictador Jorge Rafael Videla, de 86 a\u00f1os, el hombre que gobern\u00f3 Argentina desde 1976 a 1981, fue condenado a 50 a\u00f1os de c\u00e1rcel. Y su sucesor, tras la guerra de las Malvinas, Reynaldo Bignone, de 84 a\u00f1os, a 15 a\u00f1os de prisi\u00f3n. Adem\u00e1s, fueron condenados tambi\u00e9n los altos mandos militares Jorge El Tigre Acosta, a 30 a\u00f1os y Antonio Va\u00f1ek, a 40.<!--more--> En total, fueron 11 los acusados, de los cuales quien obtuvo la pena menor fue la \u00fanica mujer, In\u00e9s Susana Colombo, condenada a cinco a\u00f1os, todos ellos han sido condenados por la pr\u00e1ctica sistem\u00e1tica del robo de bebes durante la dictadura de Jorge Rafael Videla.<\/p>\n<p>Las <strong>Madres de Plaza de Mayo<\/strong> es una asociaci\u00f3n formada durante el \u00faltimo gobierno militar de la Rep\u00fablica Argentina con el fin de recuperar con vida a los detenidos desaparecidos, inicialmente, y luego establecer qui\u00e9nes fueron los responsables de los cr\u00edmenes de lesa humanidad y promover su enjuiciamiento. Esta asociaci\u00f3n nace a principios del a\u00f1o 1977, pero no es hasta el a\u00f1o 1978, durante la celebraci\u00f3n del mundial de futbol en Argentina que esta asociaci\u00f3n obtiene reconocimiento internacional.<\/p>\n<p>Una de las cosas m\u00e1s importantes es que Holanda haya pasado la marcha de las Madres en vez del mundial, porque era jueves, y ah\u00ed las conoci\u00f3 el mundo. Inmediatamente las mujeres de Holanda escribi\u00f3 a la Asociaci\u00f3n de las Madres de Mayo y les dijeron que estaban a su disposici\u00f3n y ellas reunieron el dinero para que esta asociaci\u00f3n tuviera su primera sede.<\/p>\n<p><strong>Fin de la dictadura<\/strong><\/p>\n<p>Cuando comenzaron a reunirse eran un grupo peque\u00f1o de Madres. Posteriormente creci\u00f3 hasta ser habitualmente de 300 a 400 Madres los jueves en la plaza, incorpor\u00e1ndose los padres, hermanos, esposas, hijos, nietos de los desaparecidos y fueron form\u00e1ndose grupos de Madres en el interior del pa\u00eds. En 1980 adquieren una sede social, dejando atr\u00e1s las reuniones en sus casas particulares, gracias a una donaci\u00f3n de SAAM (Asociaci\u00f3n Holandesa de Mujeres que se hab\u00eda constituido para ayudarlas).<\/p>\n<p>La noche del 11 de diciembre de 1987 ante 70\u00a0000 espectadores en el estadio de River Plate, Sting inivit\u00f3 a las Madres de la Plaza de Mayo a subir al escenario. Ellas hicieron su ronda en escena mientras sonaba <em>They dance alone<\/em>, el tema que hab\u00eda sido inspirado por las Madres de desaparecidos chilenos<\/p>\n<div class=\"embed-container\"><iframe loading=\"lazy\" width=\"750\" height=\"563\" src=\"https:\/\/www.youtube.com\/embed\/7uysGhfZ1cI?feature=oembed\" frameborder=\"0\" allow=\"autoplay; encrypted-media\" allowfullscreen><\/iframe><\/div>\n<p>Esa noche Sting cant\u00f3 They dance alone en espa\u00f1ol, frente a 70000 espectadores y en el estadio del River Plate.<\/p>\n<p>Un a\u00f1o m\u00e1s tarde, el 15 de octubre de 1988, los m\u00fasicos, Sting, Peter Gabriel, Bruce Springsteen, Tracy Chapman, el senegal\u00e9s Youssou N&#8217;Dour acompa\u00f1ados de Charly Garc\u00eda y Le\u00f3n Gieco actuaron otra vez en River como parte del cierre de la gira Human Rights Now! que organizaba Amnist\u00eda Internacional donde se siguieron los homenajes a las Madres.<\/p>\n<p>Aqu\u00ed tenemos a Bruce Springsteen, en la primera parte del concierto ofrecido en el estadio del River.<\/p>\n<div class=\"embed-container\"><iframe loading=\"lazy\" width=\"750\" height=\"563\" src=\"https:\/\/www.youtube.com\/embed\/M0_NK7hHhfA?feature=oembed\" frameborder=\"0\" allow=\"autoplay; encrypted-media\" allowfullscreen><\/iframe><\/div>\n<p>Y ahora os dejo con la segunda parte del concierto, la fiesta no ha terminado&#8230;.<\/p>\n<div class=\"embed-container\"><iframe loading=\"lazy\" width=\"750\" height=\"563\" src=\"https:\/\/www.youtube.com\/embed\/videoseries?list=UUiyJMZxGuV8yumRHXWj2J0g\" frameborder=\"0\" allow=\"autoplay; encrypted-media\" allowfullscreen><\/iframe><\/div>\n<p>A ra\u00edz de estas dos actuaciones se han producido multiples homenajes pero yo me quedo con la canci\u00f3n de Ismael Serrano que lleva por t\u00edtulo \u00abA las Madres de la Plaza de Mayo\u00bb<\/p>\n<div class=\"embed-container\"><iframe loading=\"lazy\" width=\"750\" height=\"563\" src=\"https:\/\/www.youtube.com\/embed\/y38awS3naLE?feature=oembed\" frameborder=\"0\" allow=\"autoplay; encrypted-media\" allowfullscreen><\/iframe><\/div>\n<p>Y para finalizar este post &#8230;. Felicidades por la justicia argentina, han tenido el valor necesario para juzgar a los dictadores que a\u00f1os atr\u00e1s hab\u00edan sumido a Argentina en una dictadura en la que las desapariciones y asesinatos estaba a la orden del d\u00eda. Ojal\u00e1 alg\u00fan d\u00eda la justicia espa\u00f1ola adquiera el valor necesario para recuperar los cuerpos de los asesinados durante la dictadura de Franco<\/p>\n","protected":false},"excerpt":{"rendered":"<p>El pasado 6 de julio de 2012, un tribunal argentino integrado por dos hombres y una mujer ha condenado al dictador Jorge Rafael Videla, de 86 a\u00f1os, el hombre que gobern\u00f3 Argentina desde 1976 a 1981, fue condenado a 50 a\u00f1os de c\u00e1rcel. Y su sucesor, tras la guerra de las Malvinas, Reynaldo Bignone, de &hellip; <\/p>\n<p><a class=\"more-link btn\" href=\"https:\/\/mundoirc.net\/wordbruixo\/archives\/1837\">Seguir leyendo<\/a><\/p>\n","protected":false},"author":4,"featured_media":0,"comment_status":"open","ping_status":"open","sticky":false,"template":"","format":"standard","meta":[],"categories":[5,22,3],"tags":[],"_links":{"self":[{"href":"https:\/\/mundoirc.net\/wordbruixo\/wp-json\/wp\/v2\/posts\/1837"}],"collection":[{"href":"https:\/\/mundoirc.net\/wordbruixo\/wp-json\/wp\/v2\/posts"}],"about":[{"href":"https:\/\/mundoirc.net\/wordbruixo\/wp-json\/wp\/v2\/types\/post"}],"author":[{"embeddable":true,"href":"https:\/\/mundoirc.net\/wordbruixo\/wp-json\/wp\/v2\/users\/4"}],"replies":[{"embeddable":true,"href":"https:\/\/mundoirc.net\/wordbruixo\/wp-json\/wp\/v2\/comments?post=1837"}],"version-history":[{"count":0,"href":"https:\/\/mundoirc.net\/wordbruixo\/wp-json\/wp\/v2\/posts\/1837\/revisions"}],"wp:attachment":[{"href":"https:\/\/mundoirc.net\/wordbruixo\/wp-json\/wp\/v2\/media?parent=1837"}],"wp:term":[{"taxonomy":"category","embeddable":true,"href":"https:\/\/mundoirc.net\/wordbruixo\/wp-json\/wp\/v2\/categories?post=1837"},{"taxonomy":"post_tag","embeddable":true,"href":"https:\/\/mundoirc.net\/wordbruixo\/wp-json\/wp\/v2\/tags?post=1837"}],"curies":[{"name":"wp","href":"https:\/\/api.w.org\/{rel}","templated":true}]}}