{"id":1423,"date":"2012-03-07T16:53:50","date_gmt":"2012-03-07T15:53:50","guid":{"rendered":"http:\/\/mundoirc.net\/wordbruixo\/?p=1423"},"modified":"2012-03-07T17:01:03","modified_gmt":"2012-03-07T16:01:03","slug":"impaciencia","status":"publish","type":"post","link":"https:\/\/mundoirc.net\/wordbruixo\/archives\/1423","title":{"rendered":"Impaciencia"},"content":{"rendered":"<p>Como todos sab\u00e9is, me encanta la m\u00fasica de Ismael Serrano, quiz\u00e1s no tanto por su m\u00fasica pero s\u00ed por sus letras, dicen tanto&#8230;. <!--more-->Sab\u00e9is que llevo varios meses ya dandoos la paliza con su nuevo disco &#8230; vamos la impaciencia, quiero que salga ya a la luz, y puedo aseguraros que no har\u00e9 cola para comprarlo, puesto que dif\u00edcilmente haya gente que haga cola para comprar este tipo de m\u00fasica, y porque &#8230; aunque la impaciencia pueda conmigo &#8230; esperar\u00e9 a tener un poco de tiempo y acercarme a la tienda. Hoy quiero brindaros este adelanto que publica Ismael Serrano en su blog, as\u00ed como en su rinc\u00f3n personal de facebook.<\/p>\n<div style=\"padding-left: 30px;\">\u00abQueda un cierto poso de melancol\u00eda al terminar un disco. Y unos cuantos interrogantes. Uno abri\u00f3 su pecho de par en par para que la brisa de la ma\u00f1ana oreara cada rinc\u00f3n. \u00bfCompartir\u00e1 la gente la ilusi\u00f3n depositada en cada canci\u00f3n? \u00bfSer\u00e1n c\u00f3mplices de las huidas se\u00f1aladas? \u00bfMe acompa\u00f1ar\u00e1n en este viaje?<br \/>\nCasi ha finalizado la mezcla de las canciones. Estamos d\u00e1ndole vueltas al documental. A la portada del disco. Ya son p\u00fablicas las primeras fechas de mi gira. Todas las piezas empiezan a encajar.<\/div>\n<p style=\"padding-left: 30px;\">Vuelve la primavera. Se va a cumplir un a\u00f1o de aquel mayo lleno de flores y gritos de indignaci\u00f3n. La gente despert\u00f3 y tap\u00f3 las calles. En Todo empieza y todo acaba en ti hay tambi\u00e9n un homenaje a toda aquella gente. Una campana que toca a rebato, convocando a los excluidos a exigir lo que es suyo. Un despertador en la ma\u00f1ana deshabitada. Los dormidos se levantan.\u00bb<\/p>\n<div class=\"embed-container\"><iframe loading=\"lazy\" width=\"750\" height=\"422\" src=\"https:\/\/www.youtube.com\/embed\/JtrumTkgVS8?feature=oembed\" frameborder=\"0\" allow=\"autoplay; encrypted-media\" allowfullscreen><\/iframe><\/div>\n","protected":false},"excerpt":{"rendered":"<p>Como todos sab\u00e9is, me encanta la m\u00fasica de Ismael Serrano, quiz\u00e1s no tanto por su m\u00fasica pero s\u00ed por sus letras, dicen tanto&#8230;.<\/p><p><a class=\"more-link btn\" href=\"https:\/\/mundoirc.net\/wordbruixo\/archives\/1423\">Seguir leyendo<\/a><\/p>\n","protected":false},"author":4,"featured_media":0,"comment_status":"open","ping_status":"open","sticky":false,"template":"","format":"standard","meta":[],"categories":[3],"tags":[],"_links":{"self":[{"href":"https:\/\/mundoirc.net\/wordbruixo\/wp-json\/wp\/v2\/posts\/1423"}],"collection":[{"href":"https:\/\/mundoirc.net\/wordbruixo\/wp-json\/wp\/v2\/posts"}],"about":[{"href":"https:\/\/mundoirc.net\/wordbruixo\/wp-json\/wp\/v2\/types\/post"}],"author":[{"embeddable":true,"href":"https:\/\/mundoirc.net\/wordbruixo\/wp-json\/wp\/v2\/users\/4"}],"replies":[{"embeddable":true,"href":"https:\/\/mundoirc.net\/wordbruixo\/wp-json\/wp\/v2\/comments?post=1423"}],"version-history":[{"count":0,"href":"https:\/\/mundoirc.net\/wordbruixo\/wp-json\/wp\/v2\/posts\/1423\/revisions"}],"wp:attachment":[{"href":"https:\/\/mundoirc.net\/wordbruixo\/wp-json\/wp\/v2\/media?parent=1423"}],"wp:term":[{"taxonomy":"category","embeddable":true,"href":"https:\/\/mundoirc.net\/wordbruixo\/wp-json\/wp\/v2\/categories?post=1423"},{"taxonomy":"post_tag","embeddable":true,"href":"https:\/\/mundoirc.net\/wordbruixo\/wp-json\/wp\/v2\/tags?post=1423"}],"curies":[{"name":"wp","href":"https:\/\/api.w.org\/{rel}","templated":true}]}}